{"id":1270,"date":"2016-02-01T20:46:01","date_gmt":"2016-02-01T19:46:01","guid":{"rendered":"http:\/\/czarna5.zhp.net.pl\/?p=1270"},"modified":"2016-02-01T20:46:01","modified_gmt":"2016-02-01T19:46:01","slug":"1270","status":"publish","type":"post","link":"https:\/\/czarna5.zhp.net.pl\/?p=1270","title":{"rendered":""},"content":{"rendered":"<p>DRODZY RODZICE!<br \/>\nKadra V Szczepu Harcerskiego &#8222;Czarna Pi\u0105tka&#8221; zaprasza Was na spotkanie dot. Harcerskiej Akcji Zimowej (zimowiska). Zebranie odb\u0119dzie si\u0119 11 lutego o godz. 18:00 w Domu Harcerza (ul. Kr\u00f3lowej Jadwigi 8).<br \/>\nDo zobaczenia!<\/p>\n","protected":false},"excerpt":{"rendered":"<p>DRODZY RODZICE! Kadra V Szczepu Harcerskiego &#8222;Czarna Pi\u0105tka&#8221; zaprasza Was na spotkanie dot. Harcerskiej Akcji Zimowej (zimowiska). Zebranie odb\u0119dzie si\u0119 11 lutego o godz. 18:00 w Domu Harcerza (ul. Kr\u00f3lowej Jadwigi 8). Do zobaczenia!<\/p>\n","protected":false},"author":1,"featured_media":0,"comment_status":"open","ping_status":"open","sticky":false,"template":"","format":"standard","meta":[],"categories":[1],"tags":[],"_links":{"self":[{"href":"https:\/\/czarna5.zhp.net.pl\/index.php?rest_route=\/wp\/v2\/posts\/1270"}],"collection":[{"href":"https:\/\/czarna5.zhp.net.pl\/index.php?rest_route=\/wp\/v2\/posts"}],"about":[{"href":"https:\/\/czarna5.zhp.net.pl\/index.php?rest_route=\/wp\/v2\/types\/post"}],"author":[{"embeddable":true,"href":"https:\/\/czarna5.zhp.net.pl\/index.php?rest_route=\/wp\/v2\/users\/1"}],"replies":[{"embeddable":true,"href":"https:\/\/czarna5.zhp.net.pl\/index.php?rest_route=%2Fwp%2Fv2%2Fcomments&post=1270"}],"version-history":[{"count":1,"href":"https:\/\/czarna5.zhp.net.pl\/index.php?rest_route=\/wp\/v2\/posts\/1270\/revisions"}],"predecessor-version":[{"id":1271,"href":"https:\/\/czarna5.zhp.net.pl\/index.php?rest_route=\/wp\/v2\/posts\/1270\/revisions\/1271"}],"wp:attachment":[{"href":"https:\/\/czarna5.zhp.net.pl\/index.php?rest_route=%2Fwp%2Fv2%2Fmedia&parent=1270"}],"wp:term":[{"taxonomy":"category","embeddable":true,"href":"https:\/\/czarna5.zhp.net.pl\/index.php?rest_route=%2Fwp%2Fv2%2Fcategories&post=1270"},{"taxonomy":"post_tag","embeddable":true,"href":"https:\/\/czarna5.zhp.net.pl\/index.php?rest_route=%2Fwp%2Fv2%2Ftags&post=1270"}],"curies":[{"name":"wp","href":"https:\/\/api.w.org\/{rel}","templated":true}]}}