{"id":1285,"date":"2016-03-27T10:33:36","date_gmt":"2016-03-27T09:33:36","guid":{"rendered":"http:\/\/czarna5.zhp.net.pl\/?p=1285"},"modified":"2016-03-27T10:33:36","modified_gmt":"2016-03-27T09:33:36","slug":"1285","status":"publish","type":"post","link":"https:\/\/czarna5.zhp.net.pl\/?p=1285","title":{"rendered":""},"content":{"rendered":"<p><img loading=\"lazy\" class=\"alignleft  wp-image-1286\" src=\"http:\/\/czarna5.zhp.net.pl\/wp-content\/uploads\/2016\/03\/Zyczenia-na-Wielkanoc-SMS-na-Wielkanoc-WIERSZYKI-1-e1459071103204.jpg\" alt=\"Zyczenia-na-Wielkanoc-SMS-na-Wielkanoc-WIERSZYKI-1\" width=\"243\" height=\"163\" \/><br \/>\nCzarnopi\u0105tkowcy!<br \/>\nSkoro ju\u017c jeste\u015bcie w rodzinnym gronie, mo\u017cecie zaplanowa\u0107 swoje wakacje!<br \/>\n&#8222;Czarna Pi\u0105tka&#8221; wyrusza w terminie 1-17 lipca do woj. warmi\u0144sko-mazurskiego na baz\u0119 obozow\u0105 w Sta\u0144czykach.<br \/>\nDok\u0142adn\u0105 cen\u0119 i daty pierwszych spotka\u0144 informacyjnych zdradzimy ju\u017c wkr\u00f3tce, a tymczasem zapiszcie sobie termin obozu w kalendarzu.<\/p>\n<p>Smacznego jajka i mokrego Dyngusa!<\/p>\n","protected":false},"excerpt":{"rendered":"<p>Czarnopi\u0105tkowcy! Skoro ju\u017c jeste\u015bcie w rodzinnym gronie, mo\u017cecie zaplanowa\u0107 swoje wakacje! &#8222;Czarna Pi\u0105tka&#8221; wyrusza w terminie 1-17 lipca do woj. warmi\u0144sko-mazurskiego na baz\u0119 obozow\u0105 w Sta\u0144czykach. Dok\u0142adn\u0105 cen\u0119 i daty pierwszych spotka\u0144 informacyjnych zdradzimy ju\u017c wkr\u00f3tce, a tymczasem zapiszcie sobie &hellip; <a class=\"more-link\" href=\"https:\/\/czarna5.zhp.net.pl\/?p=1285\">Czytaj dalej <span class=\"meta-nav\">&rarr;<\/span><\/a><\/p>\n","protected":false},"author":1,"featured_media":0,"comment_status":"open","ping_status":"open","sticky":false,"template":"","format":"standard","meta":[],"categories":[1],"tags":[],"_links":{"self":[{"href":"https:\/\/czarna5.zhp.net.pl\/index.php?rest_route=\/wp\/v2\/posts\/1285"}],"collection":[{"href":"https:\/\/czarna5.zhp.net.pl\/index.php?rest_route=\/wp\/v2\/posts"}],"about":[{"href":"https:\/\/czarna5.zhp.net.pl\/index.php?rest_route=\/wp\/v2\/types\/post"}],"author":[{"embeddable":true,"href":"https:\/\/czarna5.zhp.net.pl\/index.php?rest_route=\/wp\/v2\/users\/1"}],"replies":[{"embeddable":true,"href":"https:\/\/czarna5.zhp.net.pl\/index.php?rest_route=%2Fwp%2Fv2%2Fcomments&post=1285"}],"version-history":[{"count":3,"href":"https:\/\/czarna5.zhp.net.pl\/index.php?rest_route=\/wp\/v2\/posts\/1285\/revisions"}],"predecessor-version":[{"id":1289,"href":"https:\/\/czarna5.zhp.net.pl\/index.php?rest_route=\/wp\/v2\/posts\/1285\/revisions\/1289"}],"wp:attachment":[{"href":"https:\/\/czarna5.zhp.net.pl\/index.php?rest_route=%2Fwp%2Fv2%2Fmedia&parent=1285"}],"wp:term":[{"taxonomy":"category","embeddable":true,"href":"https:\/\/czarna5.zhp.net.pl\/index.php?rest_route=%2Fwp%2Fv2%2Fcategories&post=1285"},{"taxonomy":"post_tag","embeddable":true,"href":"https:\/\/czarna5.zhp.net.pl\/index.php?rest_route=%2Fwp%2Fv2%2Ftags&post=1285"}],"curies":[{"name":"wp","href":"https:\/\/api.w.org\/{rel}","templated":true}]}}