{"id":1291,"date":"2016-04-07T18:59:50","date_gmt":"2016-04-07T17:59:50","guid":{"rendered":"http:\/\/czarna5.zhp.net.pl\/?p=1291"},"modified":"2016-04-07T18:59:50","modified_gmt":"2016-04-07T17:59:50","slug":"1291","status":"publish","type":"post","link":"https:\/\/czarna5.zhp.net.pl\/?p=1291","title":{"rendered":""},"content":{"rendered":"<p>Drodzy rodzice! Tutaj mo\u017cna pobra\u0107 zgod\u0119 i informacj\u0119 dotycz\u0105ce biwaku 25 DDH &#8222;astra&#8221; do Warszawy w terminie 15-17 kwietnia<\/p>\n<p><a href=\"http:\/\/czarna5.zhp.net.pl\/wp-content\/uploads\/2016\/04\/biwak-informacje-dla-uczestnik\u00f3w.pdf\" rel=\"\">biwak-informacje-dla-uczestnik\u00f3w<\/a>\u00a0&#8211; do pobrania<\/p>\n","protected":false},"excerpt":{"rendered":"<p>Drodzy rodzice! Tutaj mo\u017cna pobra\u0107 zgod\u0119 i informacj\u0119 dotycz\u0105ce biwaku 25 DDH &#8222;astra&#8221; do Warszawy w terminie 15-17 kwietnia biwak-informacje-dla-uczestnik\u00f3w\u00a0&#8211; do pobrania<\/p>\n","protected":false},"author":1,"featured_media":0,"comment_status":"open","ping_status":"open","sticky":false,"template":"","format":"standard","meta":[],"categories":[1],"tags":[],"_links":{"self":[{"href":"https:\/\/czarna5.zhp.net.pl\/index.php?rest_route=\/wp\/v2\/posts\/1291"}],"collection":[{"href":"https:\/\/czarna5.zhp.net.pl\/index.php?rest_route=\/wp\/v2\/posts"}],"about":[{"href":"https:\/\/czarna5.zhp.net.pl\/index.php?rest_route=\/wp\/v2\/types\/post"}],"author":[{"embeddable":true,"href":"https:\/\/czarna5.zhp.net.pl\/index.php?rest_route=\/wp\/v2\/users\/1"}],"replies":[{"embeddable":true,"href":"https:\/\/czarna5.zhp.net.pl\/index.php?rest_route=%2Fwp%2Fv2%2Fcomments&post=1291"}],"version-history":[{"count":1,"href":"https:\/\/czarna5.zhp.net.pl\/index.php?rest_route=\/wp\/v2\/posts\/1291\/revisions"}],"predecessor-version":[{"id":1293,"href":"https:\/\/czarna5.zhp.net.pl\/index.php?rest_route=\/wp\/v2\/posts\/1291\/revisions\/1293"}],"wp:attachment":[{"href":"https:\/\/czarna5.zhp.net.pl\/index.php?rest_route=%2Fwp%2Fv2%2Fmedia&parent=1291"}],"wp:term":[{"taxonomy":"category","embeddable":true,"href":"https:\/\/czarna5.zhp.net.pl\/index.php?rest_route=%2Fwp%2Fv2%2Fcategories&post=1291"},{"taxonomy":"post_tag","embeddable":true,"href":"https:\/\/czarna5.zhp.net.pl\/index.php?rest_route=%2Fwp%2Fv2%2Ftags&post=1291"}],"curies":[{"name":"wp","href":"https:\/\/api.w.org\/{rel}","templated":true}]}}