{"id":1952,"date":"2020-04-28T14:44:49","date_gmt":"2020-04-28T13:44:49","guid":{"rendered":"http:\/\/czarna5.zhp.net.pl\/?p=1952"},"modified":"2020-04-28T14:47:07","modified_gmt":"2020-04-28T13:47:07","slug":"1952","status":"publish","type":"post","link":"https:\/\/czarna5.zhp.net.pl\/?p=1952","title":{"rendered":""},"content":{"rendered":"<div>\n<p><span style=\"color: #000000;\"><b>Licz\u0105c na\u00a0zahamowanie epidemii oraz\u00a0stopniowe przywracanie \u017cycia spo\u0142ecznego i\u00a0gospodarczego w\u00a0zmienionych realiach sanitarnych, nie\u00a0przerywamy planowania organizacji Harcerskiej Akcji Letniej w\u00a0ZHP.<\/b><span style=\"font-family: 'Trebuchet MS', Trebuchet, sans-serif;\">W\u00a0zwi\u0105zku z\u00a0rozwojem epidemii COVID-19\u00a0musimy by\u0107 gotowi na\u00a0to, \u017ce\u00a0organizacja HAL b\u0119dzie musia\u0142a zosta\u0107 podporz\u0105dkowana wprowadzanym przez\u00a0w\u0142adze pa\u0144stwowe nakazom i\u00a0zakazom. G\u0142\u00f3wna Kwatera ZHP pozostaje w\u00a0bie\u017c\u0105cym kontakcie z\u00a0Ministerstwem Edukacji Narodowej i\u00a0G\u0142\u00f3wnym Inspektoratem Sanitarnym. Wraz z\u00a0pozosta\u0142ymi organizacjami harcerskimi i\u00a0skautowymi monitorujemy sytuacj\u0119. Na chwil\u0119 obecn\u0105 nie przerywamy rekrutacji na ob\u00f3z, a jedyn\u0105 i niezb\u0119dn\u0105 obecnie procedur\u0105 jest zg\u0142oszenie si\u0119 w formularzu\u00a0dost\u0119pnym\u00a0w po\u015bcie\u00a0dotycz\u0105cym\u00a0obozu.<\/span><\/span><\/p>\n<p><span style=\"font-family: 'Trebuchet MS', Trebuchet, sans-serif;\">Wi\u0119cej szczeg\u00f3\u0142\u00f3w\u00a0mo\u017cna\u00a0znale\u017a\u0107 pod adresem:<\/span><span style=\"color: #000000; font-family: 'Trebuchet MS', Trebuchet, sans-serif;\">\u00a0<\/span><a title=\"Oryginalny adres URL: https:\/\/zhp.pl\/2020\/hal-2020\/. Kliknij lub naci\u015bnij, je\u015bli ufasz temu linkowi.\" href=\"https:\/\/eur03.safelinks.protection.outlook.com\/?url=https%3A%2F%2Fzhp.pl%2F2020%2Fhal-2020%2F&amp;data=02%7C01%7Cmarcin.konieczny%40zhp.net.pl%7Cd472f440508a43bdd4f708d7eb61be62%7Ce1368d1e39754ce6893dfc351fd44dcd%7C0%7C0%7C637236677361985505&amp;sdata=gc6nO6M4KbBtIFGd8%2BVUsajBpoW09CY%2B8jtMYy1B6iM%3D&amp;reserved=0\" target=\"_blank\" rel=\"noopener noreferrer\" data-auth=\"Verified\">https:\/\/zhp.pl\/2020\/hal-2020\/<\/a><\/p>\n<\/div>\n<div>\n<div id=\"x_Signature\">\n<div id=\"x_divtagdefaultwrapper\" dir=\"ltr\">\n<div><\/div>\n<div>Czuwaj!<br \/>\n<b>phm. Damian Twarowski<\/b><\/div>\n<\/div>\n<\/div>\n<\/div>\n","protected":false},"excerpt":{"rendered":"<p>Licz\u0105c na\u00a0zahamowanie epidemii oraz\u00a0stopniowe przywracanie \u017cycia spo\u0142ecznego i\u00a0gospodarczego w\u00a0zmienionych realiach sanitarnych, nie\u00a0przerywamy planowania organizacji Harcerskiej Akcji Letniej w\u00a0ZHP.W\u00a0zwi\u0105zku z\u00a0rozwojem epidemii COVID-19\u00a0musimy by\u0107 gotowi na\u00a0to, \u017ce\u00a0organizacja HAL b\u0119dzie musia\u0142a zosta\u0107 podporz\u0105dkowana wprowadzanym przez\u00a0w\u0142adze pa\u0144stwowe nakazom i\u00a0zakazom. G\u0142\u00f3wna Kwatera ZHP pozostaje w\u00a0bie\u017c\u0105cym &hellip; <a class=\"more-link\" href=\"https:\/\/czarna5.zhp.net.pl\/?p=1952\">Czytaj dalej <span class=\"meta-nav\">&rarr;<\/span><\/a><\/p>\n","protected":false},"author":1,"featured_media":0,"comment_status":"closed","ping_status":"closed","sticky":false,"template":"","format":"standard","meta":[],"categories":[1],"tags":[],"_links":{"self":[{"href":"https:\/\/czarna5.zhp.net.pl\/index.php?rest_route=\/wp\/v2\/posts\/1952"}],"collection":[{"href":"https:\/\/czarna5.zhp.net.pl\/index.php?rest_route=\/wp\/v2\/posts"}],"about":[{"href":"https:\/\/czarna5.zhp.net.pl\/index.php?rest_route=\/wp\/v2\/types\/post"}],"author":[{"embeddable":true,"href":"https:\/\/czarna5.zhp.net.pl\/index.php?rest_route=\/wp\/v2\/users\/1"}],"replies":[{"embeddable":true,"href":"https:\/\/czarna5.zhp.net.pl\/index.php?rest_route=%2Fwp%2Fv2%2Fcomments&post=1952"}],"version-history":[{"count":2,"href":"https:\/\/czarna5.zhp.net.pl\/index.php?rest_route=\/wp\/v2\/posts\/1952\/revisions"}],"predecessor-version":[{"id":1954,"href":"https:\/\/czarna5.zhp.net.pl\/index.php?rest_route=\/wp\/v2\/posts\/1952\/revisions\/1954"}],"wp:attachment":[{"href":"https:\/\/czarna5.zhp.net.pl\/index.php?rest_route=%2Fwp%2Fv2%2Fmedia&parent=1952"}],"wp:term":[{"taxonomy":"category","embeddable":true,"href":"https:\/\/czarna5.zhp.net.pl\/index.php?rest_route=%2Fwp%2Fv2%2Fcategories&post=1952"},{"taxonomy":"post_tag","embeddable":true,"href":"https:\/\/czarna5.zhp.net.pl\/index.php?rest_route=%2Fwp%2Fv2%2Ftags&post=1952"}],"curies":[{"name":"wp","href":"https:\/\/api.w.org\/{rel}","templated":true}]}}